{"id":12404,"date":"2022-11-16T16:56:57","date_gmt":"2022-11-16T16:56:57","guid":{"rendered":"https:\/\/www.galerieloft.com\/raphaelle-bertran-pinheiro-laureat-du-prix-carre-sur-seine-2022\/"},"modified":"2026-02-27T10:33:44","modified_gmt":"2026-02-27T10:33:44","slug":"raphaelle-bertran-pinheiro-laureat-du-prix-carre-sur-seine-2022","status":"publish","type":"post","link":"https:\/\/www.galerieloft.com\/en\/raphaelle-bertran-pinheiro-laureat-du-prix-carre-sur-seine-2022\/","title":{"rendered":"Raph\u00eblle Bertran Pinheiro: 2022 Carr\u00e9 sur Seine Prize Laureate"},"content":{"rendered":"\n<p>On November 8, 2022, the jury met under the chairmanship of Chiara Parisi, Director of Centre Pompidou-Metz, and the managers of Carr\u00e9 sur Seine. Following a lively deliberation, given the richness of the finalists&#8217; artistic approaches, the 2022 Carr\u00e9 sur Seine Prize was awarded to: <\/p>\n\n\n\n<ul class=\"wp-block-list\">\n<li>Rapha\u00eblle Bertran, for the strength and balance invested in an analytical approach to painting that anchors it in a new narrative and demonstrates the power that can emanate from research work that is woven together while remaining close to human intimacy.<\/li>\n\n\n\n<li>Emeric Lhuisset, for his ability to represent controversial events in contemporary geopolitical history, challenging the official and canonized formulas of historical and journalistic narratives, for the rights of global citizenship in the post-colonial era; <\/li>\n\n\n\n<li>Luca Resta, for his ability to address issues such as provenance, ancestry, and everyday memory from a contemporary perspective that combines lyricism and irony. <\/li>\n<\/ul>\n\n\n\n<p>The three prizes will be awarded to the winners during the major collective exhibition that will bring together all the winners in the large exhibition hall of POUSH in February 2023, to mark the 10th anniversary of the Prix Carr\u00e9 sur Seine. Yvonne Kruger, director of POUSH, Laure Colliex, and Herv\u00e9 Digne, co-founders of Manifesto, welcome and support this unique exhibition, curated by Chiara Parisi, Carr\u00e9 sur Seine, and POUSH.<\/p>\n\n\n\n<p><\/p>\n","protected":false},"excerpt":{"rendered":"<p>Congratulations to Rapha\u00eblle Bertran Pinheiro! An exhibition featuring all the winners of the Prix Carr\u00e9 Sur Seine will soon be held in POUSH.<\/p>\n","protected":false},"author":2,"featured_media":11971,"comment_status":"closed","ping_status":"closed","sticky":false,"template":"","format":"standard","meta":{"footnotes":""},"categories":[547],"tags":[],"class_list":["post-12404","post","type-post","status-publish","format-standard","has-post-thumbnail","hentry","category-info-artist"],"_links":{"self":[{"href":"https:\/\/www.galerieloft.com\/en\/wp-json\/wp\/v2\/posts\/12404","targetHints":{"allow":["GET"]}}],"collection":[{"href":"https:\/\/www.galerieloft.com\/en\/wp-json\/wp\/v2\/posts"}],"about":[{"href":"https:\/\/www.galerieloft.com\/en\/wp-json\/wp\/v2\/types\/post"}],"author":[{"embeddable":true,"href":"https:\/\/www.galerieloft.com\/en\/wp-json\/wp\/v2\/users\/2"}],"replies":[{"embeddable":true,"href":"https:\/\/www.galerieloft.com\/en\/wp-json\/wp\/v2\/comments?post=12404"}],"version-history":[{"count":4,"href":"https:\/\/www.galerieloft.com\/en\/wp-json\/wp\/v2\/posts\/12404\/revisions"}],"predecessor-version":[{"id":17566,"href":"https:\/\/www.galerieloft.com\/en\/wp-json\/wp\/v2\/posts\/12404\/revisions\/17566"}],"wp:featuredmedia":[{"embeddable":true,"href":"https:\/\/www.galerieloft.com\/en\/wp-json\/wp\/v2\/media\/11971"}],"wp:attachment":[{"href":"https:\/\/www.galerieloft.com\/en\/wp-json\/wp\/v2\/media?parent=12404"}],"wp:term":[{"taxonomy":"category","embeddable":true,"href":"https:\/\/www.galerieloft.com\/en\/wp-json\/wp\/v2\/categories?post=12404"},{"taxonomy":"post_tag","embeddable":true,"href":"https:\/\/www.galerieloft.com\/en\/wp-json\/wp\/v2\/tags?post=12404"}],"curies":[{"name":"wp","href":"https:\/\/api.w.org\/{rel}","templated":true}]}}