{"id":15028,"date":"2024-05-21T15:29:46","date_gmt":"2024-05-21T15:29:46","guid":{"rendered":"https:\/\/www.galerieloft.com\/alzbetka-wolfova-insect-gaze\/"},"modified":"2026-02-27T10:09:57","modified_gmt":"2026-02-27T10:09:57","slug":"alzbetka-wolfova-insect-gaze","status":"publish","type":"post","link":"https:\/\/www.galerieloft.com\/en\/alzbetka-wolfova-insect-gaze\/","title":{"rendered":"INSECT GAZE"},"content":{"rendered":"\n<p>Visit the exhibition \u201cInsect Gaze\u201d by Al\u017eb\u011btka Wolfov\u00e1 at the Czech Center in Paris, 18 rue Bonaparte.<\/p>\n\n\n\n<p>\u201cAl\u017eb\u011bta Wolfov\u00e1,\u00a0known for her photographic work on living things,\u00a0decided to focus her new artistic research on an animal\u00a0often despised, even objective: the insect. By collaborating with numerous researchers, she makes a reasonable shift and focuses on the mission, which she herself describes as improbable, of making the vision of insects visible to show what is significant on the scale of the &#8216;animal&#8217;.&#8221;<\/p>\n\n\n\n<p>Alain Berland, exhibition curator<\/p>\n\n\n\n<figure class=\"wp-block-image size-large\"><a href=\"https:\/\/www.galerieloft.com\/media\/uploads\/2024\/05\/Alzbeta-3.jpg\"><img loading=\"lazy\" decoding=\"async\" width=\"1024\" height=\"1024\" src=\"https:\/\/www.galerieloft.com\/media\/uploads\/2024\/05\/Alzbeta-3-1024x1024.jpg\" alt=\"\" class=\"wp-image-15029\" srcset=\"https:\/\/www.galerieloft.com\/media\/uploads\/2024\/05\/Alzbeta-3-1024x1024.jpg 1024w, https:\/\/www.galerieloft.com\/media\/uploads\/2024\/05\/Alzbeta-3-300x300.jpg 300w, https:\/\/www.galerieloft.com\/media\/uploads\/2024\/05\/Alzbeta-3-150x150.jpg 150w, https:\/\/www.galerieloft.com\/media\/uploads\/2024\/05\/Alzbeta-3-768x768.jpg 768w, https:\/\/www.galerieloft.com\/media\/uploads\/2024\/05\/Alzbeta-3-500x500.jpg 500w, https:\/\/www.galerieloft.com\/media\/uploads\/2024\/05\/Alzbeta-3-100x100.jpg 100w, https:\/\/www.galerieloft.com\/media\/uploads\/2024\/05\/Alzbeta-3.jpg 1080w\" sizes=\"auto, (max-width: 1024px) 100vw, 1024px\" \/><\/a><\/figure>\n","protected":false},"excerpt":{"rendered":"<p>\u201cAl\u017eb\u011bta Wolfov\u00e1, known for her photographic work on living things, decided to focus her new artistic research on an animal often despised, even objective: the insect. By collaborating with numerous researchers, she makes a reasonable shift and focuses on the mission, which she herself describes as improbable, of making the vision of insects visible to show what is significant on the scale of the &#8216;animal&#8217;.&#8221;<\/p>\n","protected":false},"author":2,"featured_media":15022,"comment_status":"closed","ping_status":"closed","sticky":false,"template":"","format":"standard","meta":{"footnotes":""},"categories":[545],"tags":[],"class_list":["post-15028","post","type-post","status-publish","format-standard","has-post-thumbnail","hentry","category-off-site"],"_links":{"self":[{"href":"https:\/\/www.galerieloft.com\/en\/wp-json\/wp\/v2\/posts\/15028","targetHints":{"allow":["GET"]}}],"collection":[{"href":"https:\/\/www.galerieloft.com\/en\/wp-json\/wp\/v2\/posts"}],"about":[{"href":"https:\/\/www.galerieloft.com\/en\/wp-json\/wp\/v2\/types\/post"}],"author":[{"embeddable":true,"href":"https:\/\/www.galerieloft.com\/en\/wp-json\/wp\/v2\/users\/2"}],"replies":[{"embeddable":true,"href":"https:\/\/www.galerieloft.com\/en\/wp-json\/wp\/v2\/comments?post=15028"}],"version-history":[{"count":6,"href":"https:\/\/www.galerieloft.com\/en\/wp-json\/wp\/v2\/posts\/15028\/revisions"}],"predecessor-version":[{"id":17553,"href":"https:\/\/www.galerieloft.com\/en\/wp-json\/wp\/v2\/posts\/15028\/revisions\/17553"}],"wp:featuredmedia":[{"embeddable":true,"href":"https:\/\/www.galerieloft.com\/en\/wp-json\/wp\/v2\/media\/15022"}],"wp:attachment":[{"href":"https:\/\/www.galerieloft.com\/en\/wp-json\/wp\/v2\/media?parent=15028"}],"wp:term":[{"taxonomy":"category","embeddable":true,"href":"https:\/\/www.galerieloft.com\/en\/wp-json\/wp\/v2\/categories?post=15028"},{"taxonomy":"post_tag","embeddable":true,"href":"https:\/\/www.galerieloft.com\/en\/wp-json\/wp\/v2\/tags?post=15028"}],"curies":[{"name":"wp","href":"https:\/\/api.w.org\/{rel}","templated":true}]}}