{"id":15094,"date":"2024-05-29T16:26:00","date_gmt":"2024-05-29T16:26:00","guid":{"rendered":"https:\/\/www.galerieloft.com\/?p=15094"},"modified":"2026-02-26T11:10:56","modified_gmt":"2026-02-26T11:10:56","slug":"exhibition-with-lien-hoang-xuan-at-the-beaux-arts-de-paris","status":"publish","type":"post","link":"https:\/\/www.galerieloft.com\/en\/exhibition-with-lien-hoang-xuan-at-the-beaux-arts-de-paris\/","title":{"rendered":"Exhibition at the Beaux-Arts de Paris"},"content":{"rendered":"\n<p>Li\u00ean Ho\u00e0ng-Xu\u00e2n takes part in this collective exhibition autohistorias, inspired by Gloria Anzald\u00faa, a theoretician, activist, feminist chicana poet, and organized by students and commissioners of the \u00ab Artistes &amp; M\u00e9tiers de l\u2019exposition&nbsp;\u00bb course.&nbsp;<\/p>\n\n\n\n<p>autohistorias gathered a group of artists that, from the 15th to the 21st century, used their personal stories to build a collective story in order to set everyone free from the historical and political dominant speeches.&nbsp;&nbsp;<\/p>\n\n\n\n<p><em>&#8220;If I don&#8217;t have access to the truth, I&#8217;ll invent it, I&#8217;ll tell myself, preferring my fictions to the lies and truths that others fabricate for me, about me&#8221;<\/em>. (Gloria Anzald\u00faa, Ethnic Autohistorias-teor\u00edas: Writing the History of the Subject).<\/p>\n\n\n\n<div style=\"height:13px\" aria-hidden=\"true\" class=\"wp-block-spacer\"><\/div>\n\n\n\n<p>Works of Li\u00ean Ho\u00e0ng-Xu\u00e2n :<\/p>\n\n\n\n<div style=\"height:16px\" aria-hidden=\"true\" class=\"wp-block-spacer\"><\/div>\n\n\n\n<div class=\"wp-block-columns is-layout-flex wp-container-core-columns-is-layout-9d6595d7 wp-block-columns-is-layout-flex\">\n<div class=\"wp-block-column is-layout-flow wp-block-column-is-layout-flow\">\n<p><strong>Ha\u00efku n\u00b01<\/strong><br>Sometimes it feels like<br>my heart is a haunted castle<br>in the desert<br>in every room there is a man<br>some are louder than others<\/p>\n<\/div>\n\n\n\n<div class=\"wp-block-column is-layout-flow wp-block-column-is-layout-flow\">\n<figure class=\"wp-block-image size-large\"><a href=\"https:\/\/www.galerieloft.com\/media\/uploads\/2024\/05\/EA78F84B-741D-4826-B974-46CAA05BE67F.jpeg\"><img loading=\"lazy\" decoding=\"async\" width=\"829\" height=\"1024\" src=\"https:\/\/www.galerieloft.com\/media\/uploads\/2024\/05\/EA78F84B-741D-4826-B974-46CAA05BE67F-829x1024.jpeg\" alt=\"Ha\u00efku n\u00b01 - Li\u00ean Ho\u00e0ne-Xu\u00e2n \" class=\"wp-image-15073\" srcset=\"https:\/\/www.galerieloft.com\/media\/uploads\/2024\/05\/EA78F84B-741D-4826-B974-46CAA05BE67F-829x1024.jpeg 829w, https:\/\/www.galerieloft.com\/media\/uploads\/2024\/05\/EA78F84B-741D-4826-B974-46CAA05BE67F-243x300.jpeg 243w, https:\/\/www.galerieloft.com\/media\/uploads\/2024\/05\/EA78F84B-741D-4826-B974-46CAA05BE67F-768x949.jpeg 768w, https:\/\/www.galerieloft.com\/media\/uploads\/2024\/05\/EA78F84B-741D-4826-B974-46CAA05BE67F-300x371.jpeg 300w, https:\/\/www.galerieloft.com\/media\/uploads\/2024\/05\/EA78F84B-741D-4826-B974-46CAA05BE67F.jpeg 874w\" sizes=\"auto, (max-width: 829px) 100vw, 829px\" \/><\/a><\/figure>\n<\/div>\n<\/div>\n\n\n\n<div style=\"height:10px\" aria-hidden=\"true\" class=\"wp-block-spacer\"><\/div>\n\n\n\n<div class=\"wp-block-columns is-layout-flex wp-container-core-columns-is-layout-9d6595d7 wp-block-columns-is-layout-flex\">\n<div class=\"wp-block-column is-layout-flow wp-block-column-is-layout-flow\">\n<p><strong>Ha\u00efku n\u00b03<\/strong><br>Fruits and flowers<br>make me believe in God<br>So does the skin<br>of my lover<\/p>\n<\/div>\n\n\n\n<div class=\"wp-block-column is-layout-flow wp-block-column-is-layout-flow\">\n<figure class=\"wp-block-image size-full\"><a href=\"https:\/\/www.galerieloft.com\/media\/uploads\/2024\/05\/9A9DF1BC-818E-47AE-B2A3-D07EE6AA3793.jpeg\"><img loading=\"lazy\" decoding=\"async\" width=\"1020\" height=\"847\" src=\"https:\/\/www.galerieloft.com\/media\/uploads\/2024\/05\/9A9DF1BC-818E-47AE-B2A3-D07EE6AA3793.jpeg\" alt=\"Ha\u00efku n\u00b03 - Li\u00ean Ho\u00e0ng-Xu\u00e2n\" class=\"wp-image-15095\" srcset=\"https:\/\/www.galerieloft.com\/media\/uploads\/2024\/05\/9A9DF1BC-818E-47AE-B2A3-D07EE6AA3793.jpeg 1020w, https:\/\/www.galerieloft.com\/media\/uploads\/2024\/05\/9A9DF1BC-818E-47AE-B2A3-D07EE6AA3793-300x249.jpeg 300w, https:\/\/www.galerieloft.com\/media\/uploads\/2024\/05\/9A9DF1BC-818E-47AE-B2A3-D07EE6AA3793-768x638.jpeg 768w\" sizes=\"auto, (max-width: 1020px) 100vw, 1020px\" \/><\/a><\/figure>\n<\/div>\n<\/div>\n\n\n\n<div style=\"height:7px\" aria-hidden=\"true\" class=\"wp-block-spacer\"><\/div>\n\n\n\n<div class=\"wp-block-group is-vertical is-layout-flex wp-container-core-group-is-layout-8cf370e7 wp-block-group-is-layout-flex\">\n<div class=\"wp-block-group is-vertical is-layout-flex wp-container-core-group-is-layout-8cf370e7 wp-block-group-is-layout-flex\">\n<p>Curated by&nbsp;:<\/p>\n\n\n\n<p>Skye Arundhati Thomas, Tadeo Kohan, Louise Nicolas de Lamballerie (curators in residence)<br>M\u00e9lanie Bouteloup and Armelle Pradalier (co-directors of the &#8220;Artists &amp; Exhibition Professions&#8221; program)<br>Scientific advisor for the Beaux-Arts de Paris collections: Giulia Longo, Curator of Prints and Photographs<\/p>\n<\/div>\n<\/div>\n","protected":false},"excerpt":{"rendered":"<p>Li\u00ean Ho\u00e0ng-Xu\u00e2n takes part in the collective exhibition autohistorias at the Beaux-Arts de Paris from April 24  to June 30 2024.<\/p>\n","protected":false},"author":2,"featured_media":15073,"comment_status":"closed","ping_status":"closed","sticky":false,"template":"","format":"standard","meta":{"footnotes":""},"categories":[545],"tags":[],"class_list":["post-15094","post","type-post","status-publish","format-standard","has-post-thumbnail","hentry","category-off-site"],"_links":{"self":[{"href":"https:\/\/www.galerieloft.com\/en\/wp-json\/wp\/v2\/posts\/15094","targetHints":{"allow":["GET"]}}],"collection":[{"href":"https:\/\/www.galerieloft.com\/en\/wp-json\/wp\/v2\/posts"}],"about":[{"href":"https:\/\/www.galerieloft.com\/en\/wp-json\/wp\/v2\/types\/post"}],"author":[{"embeddable":true,"href":"https:\/\/www.galerieloft.com\/en\/wp-json\/wp\/v2\/users\/2"}],"replies":[{"embeddable":true,"href":"https:\/\/www.galerieloft.com\/en\/wp-json\/wp\/v2\/comments?post=15094"}],"version-history":[{"count":6,"href":"https:\/\/www.galerieloft.com\/en\/wp-json\/wp\/v2\/posts\/15094\/revisions"}],"predecessor-version":[{"id":17453,"href":"https:\/\/www.galerieloft.com\/en\/wp-json\/wp\/v2\/posts\/15094\/revisions\/17453"}],"wp:featuredmedia":[{"embeddable":true,"href":"https:\/\/www.galerieloft.com\/en\/wp-json\/wp\/v2\/media\/15073"}],"wp:attachment":[{"href":"https:\/\/www.galerieloft.com\/en\/wp-json\/wp\/v2\/media?parent=15094"}],"wp:term":[{"taxonomy":"category","embeddable":true,"href":"https:\/\/www.galerieloft.com\/en\/wp-json\/wp\/v2\/categories?post=15094"},{"taxonomy":"post_tag","embeddable":true,"href":"https:\/\/www.galerieloft.com\/en\/wp-json\/wp\/v2\/tags?post=15094"}],"curies":[{"name":"wp","href":"https:\/\/api.w.org\/{rel}","templated":true}]}}