{"id":6324,"date":"2017-05-05T09:57:54","date_gmt":"2017-05-05T09:57:54","guid":{"rendered":"https:\/\/www.galerieloft.com\/art-saint-germain-des-pres-vernissage-jeudi-18-mai-2\/"},"modified":"2026-02-27T15:20:39","modified_gmt":"2026-02-27T15:20:39","slug":"art-saint-germain-des-pres-vernissage-jeudi-18-mai","status":"publish","type":"post","link":"https:\/\/www.galerieloft.com\/en\/art-saint-germain-des-pres-vernissage-jeudi-18-mai\/","title":{"rendered":"ART SAINT GERMAIN DES PR\u00c9S &#8211; OPENING THURSDAY, MAY 18- 70 GALLERIES OPEN THEIR DOORS."},"content":{"rendered":"<p style=\"text-align: center;\">On the occasion of the <strong>Art Saint Germain Des Pr\u00e9s, <\/strong>Galerie Loft presents the group exhibition\u00a0<\/p>\n<h3 style=\"text-align: center;\">Contemporary Design<\/h3>\n<h3 style=\"text-align: center;\">INVITATION TO METAL V.2<\/h3>\n<p style=\"text-align: center;\">With C\u00e9sar, Di Teana, Druillet, Hiquily, Hourd\u00e9, LCDA, Moravik, Pichlm\u00fcller, Pi\u00e9chaud<\/p>\n<p style=\"text-align: center;\"><strong>Opening<\/strong><\/p>\n<p style=\"text-align: center;\">Thursday, May 18<\/p>\n<p style=\"text-align: center;\">5:00 p.m to 10:00 p.m<\/p>\n<p style=\"text-align: center;\"><strong>Special Opening<\/strong><\/p>\n<p style=\"text-align: center;\">Sunday, May 21\u00a0<\/p>\n<p style=\"text-align: center;\">2 p.m &#8211; 7 p.m<\/p>\n<p style=\"text-align: center;\">\u00a0&#8212;<\/p>\n<p style=\"text-align: center;\">+ For more information, click <span style=\"color: #3366ff;\"><a style=\"color: #3366ff;\" href=\"http:\/\/artsaintgermaindespres.com\/\">here<\/a><\/span>!<\/p>\n\n\n<p><\/p>\n","protected":false},"excerpt":{"rendered":"<p>On the occasion of the Art Saint Germain Des Pr\u00e9s, Galerie Loft presents the group exhibition\u00a0<\/p>\n","protected":false},"author":2,"featured_media":6295,"comment_status":"closed","ping_status":"closed","sticky":false,"template":"","format":"standard","meta":{"footnotes":""},"categories":[546,545],"tags":[1323,1324,1325],"class_list":["post-6324","post","type-post","status-publish","format-standard","has-post-thumbnail","hentry","category-loft-info","category-off-site","tag-art-saint-germain-des-pres-en","tag-design-contemporain-en","tag-invitation-au-metal-en"],"_links":{"self":[{"href":"https:\/\/www.galerieloft.com\/en\/wp-json\/wp\/v2\/posts\/6324","targetHints":{"allow":["GET"]}}],"collection":[{"href":"https:\/\/www.galerieloft.com\/en\/wp-json\/wp\/v2\/posts"}],"about":[{"href":"https:\/\/www.galerieloft.com\/en\/wp-json\/wp\/v2\/types\/post"}],"author":[{"embeddable":true,"href":"https:\/\/www.galerieloft.com\/en\/wp-json\/wp\/v2\/users\/2"}],"replies":[{"embeddable":true,"href":"https:\/\/www.galerieloft.com\/en\/wp-json\/wp\/v2\/comments?post=6324"}],"version-history":[{"count":2,"href":"https:\/\/www.galerieloft.com\/en\/wp-json\/wp\/v2\/posts\/6324\/revisions"}],"predecessor-version":[{"id":17649,"href":"https:\/\/www.galerieloft.com\/en\/wp-json\/wp\/v2\/posts\/6324\/revisions\/17649"}],"wp:featuredmedia":[{"embeddable":true,"href":"https:\/\/www.galerieloft.com\/en\/wp-json\/wp\/v2\/media\/6295"}],"wp:attachment":[{"href":"https:\/\/www.galerieloft.com\/en\/wp-json\/wp\/v2\/media?parent=6324"}],"wp:term":[{"taxonomy":"category","embeddable":true,"href":"https:\/\/www.galerieloft.com\/en\/wp-json\/wp\/v2\/categories?post=6324"},{"taxonomy":"post_tag","embeddable":true,"href":"https:\/\/www.galerieloft.com\/en\/wp-json\/wp\/v2\/tags?post=6324"}],"curies":[{"name":"wp","href":"https:\/\/api.w.org\/{rel}","templated":true}]}}