{"id":9359,"date":"2021-01-12T17:53:46","date_gmt":"2021-01-12T17:53:46","guid":{"rendered":"https:\/\/www.galerieloft.com\/merci-a-lofficiel-des-galeries-musees-pour-larticle-art-for-all-a-la-galerie-loft-2\/"},"modified":"2021-01-12T17:57:23","modified_gmt":"2021-01-12T17:57:23","slug":"merci-a-lofficiel-des-galeries-musees-pour-larticle-art-for-all-a-la-galerie-loft","status":"publish","type":"post","link":"https:\/\/www.galerieloft.com\/en\/merci-a-lofficiel-des-galeries-musees-pour-larticle-art-for-all-a-la-galerie-loft\/","title":{"rendered":"Merci \u00e0 L\u2019Officiel des Galeries &#038; Mus\u00e9es pour l&#8217;article &#8220;ART FOR ALL \u00e0 la Galerie Loft&#8221;"},"content":{"rendered":"\n<p><a href=\"http:\/\/officiel-galeries-musees.fr\/art-for-all-a-la-galerie-loft\/?fbclid=IwAR0rhuMIyk6ykwrcmy3gq2fn2YzFi_JKB1kDZd-PDKGV-MJTY4RPezI8oRU\">Retrouvez l&#8217;article, cliquez ici !<\/a><\/p>\n\n\n\n<p>Bonne lecture \u00e0 tou.te.s ! <\/p>\n\n\n\n<hr class=\"wp-block-separator\"\/>\n\n\n\n<p>\u00d4 joie,<\/p>\n\n\n\n<p>Qui n\u2019a jamais r\u00eav\u00e9 de poss\u00e9der une \u0153uvre d\u2019art chez soi ? Grands ou petits collectionneurs, amateurs d\u2019art ou n\u00e9ophytes, peuvent d\u00e8s \u00e0 pr\u00e9sent profiter des joyaux propos\u00e9s par la galerie Loft gr\u00e2ce au projet \u00ab&nbsp;Art for All&nbsp;\u00bb.<\/p>\n\n\n\n<p>\/\/\/&nbsp;Mathilde Mascolo<\/p>\n\n\n\n<figure class=\"wp-block-image\"><img decoding=\"async\" src=\"http:\/\/officiel-galeries-musees.fr\/wp-content\/uploads\/2021\/01\/AFA-Tour-eiffel-Gelules-gros-plan-515x356.jpg\" alt=\"\" class=\"wp-image-16997\"\/><figcaption>Philippe Huart, Effets Secondaires (Passionnate love), 2019&nbsp; &nbsp; &nbsp; &nbsp; &nbsp; &nbsp; &nbsp; \u00a9 Galerie Loft<\/figcaption><\/figure>\n\n\n\n<p>Dans un objectif \u00ab&nbsp;d\u2019art pour tous&nbsp;\u00bb, le directeur de la galerie Jean-Fran\u00e7ois Roudillon a d\u00e9cid\u00e9 de lancer une vente libre d\u2019\u0153uvres contemporaines phares. R\u00e9alis\u00e9e en s\u00e9rie limit\u00e9e et vendue \u00e0 un prix abordable \u2013 entre 150 et 800 euros -, chaque pi\u00e8ce est \u00e9labor\u00e9e minutieusement par un artiste.<br>Parmi les \u0153uvres s\u00e9lectionn\u00e9es, nous retrouvons les g\u00e9lules rouges et blanches Effets Secondaires de Philippe Huart, le Fauteuil Mol\u00e9cul\u2019Air de Bernard Quentin, ou encore l\u2019\u00c9picurienne de Philippe Hiquily.<\/p>\n\n\n\n<p>D\u00e9sir enfin assouvi du collectionneur en nous qui a toujours voulu contempler une \u0153uvre dans sa propre maison.<\/p>\n\n\n\n<figure class=\"wp-block-image\"><img decoding=\"async\" src=\"http:\/\/officiel-galeries-musees.fr\/wp-content\/uploads\/2021\/01\/AFA-PH-e%CC%81picurienne-1200Px-352x375.jpg\" alt=\"\" class=\"wp-image-17000\"\/><figcaption>Philippe Hiquily, \u00c9picurienne, 2010 \u00a9 Galerie Loft<\/figcaption><\/figure>\n\n\n\n<p>Cette volont\u00e9 de \u00ab&nbsp;d\u00e9mocratiser l\u2019art&nbsp;\u00bb a d\u00e9j\u00e0 \u00e9t\u00e9 revendiqu\u00e9e par plusieurs artistes, dont Keith Haring. Son Pop shop a notamment \u00e9t\u00e9 tr\u00e8s critiqu\u00e9 \u00e0 l\u2019\u00e9poque par les acteurs du march\u00e9 de l\u2019art \u00ab conservateur \u00bb, qui se revendiquaient \u00e0 l\u2019\u00e9cart de la commercialisation de la culture et refusaient le concept de publicit\u00e9 : faire du merchandising n\u2019est pas faire de l\u2019art, selon eux. En r\u00e9ponse \u00e0 ces attaques, l\u2019artiste r\u00e9pond simplement \u00ab&nbsp;Art is for everybody&nbsp;\u00bb.<\/p>\n\n\n\n<p>Il reste encore du chemin \u00e0 faire avant que l\u2019on puisse clamer haut et fort l\u2019universalit\u00e9 de l\u2019accessibilit\u00e9 \u00e0 l\u2019art. Id\u00e9e utopique ? Probablement. Il n\u2019emp\u00eache que, pas \u00e0 pas, nous nous rapprochons de cet id\u00e9al. Et le projet \u00ab&nbsp;Art for All&nbsp;\u00bb ajoute sa pierre \u00e0 l\u2019\u00e9difice.<\/p>\n\n\n\n<p><a href=\"https:\/\/www.galerieloft.com\/en\/%ctx_shop%\/art-for-all-en\/\">Retrouvez la collection &#8220;Art for all&#8221;, Cliquez ici !<\/a><\/p>\n","protected":false},"excerpt":{"rendered":"<p>Qui n\u2019a jamais r\u00eav\u00e9 de poss\u00e9der une \u0153uvre d\u2019art chez soi ?  Grands ou petits collectionneurs, amateurs d\u2019art ou n\u00e9ophytes, peuvent d\u00e8s \u00e0 pr\u00e9sent profiter des joyaux propos\u00e9s par la galerie Loft gr\u00e2ce au projet \u00ab Art for All \u00bb.<\/p>\n","protected":false},"author":2,"featured_media":9349,"comment_status":"closed","ping_status":"closed","sticky":false,"template":"","format":"standard","meta":{"footnotes":""},"categories":[547],"tags":[],"class_list":["post-9359","post","type-post","status-publish","format-standard","has-post-thumbnail","hentry","category-info-artist"],"_links":{"self":[{"href":"https:\/\/www.galerieloft.com\/en\/wp-json\/wp\/v2\/posts\/9359","targetHints":{"allow":["GET"]}}],"collection":[{"href":"https:\/\/www.galerieloft.com\/en\/wp-json\/wp\/v2\/posts"}],"about":[{"href":"https:\/\/www.galerieloft.com\/en\/wp-json\/wp\/v2\/types\/post"}],"author":[{"embeddable":true,"href":"https:\/\/www.galerieloft.com\/en\/wp-json\/wp\/v2\/users\/2"}],"replies":[{"embeddable":true,"href":"https:\/\/www.galerieloft.com\/en\/wp-json\/wp\/v2\/comments?post=9359"}],"version-history":[{"count":1,"href":"https:\/\/www.galerieloft.com\/en\/wp-json\/wp\/v2\/posts\/9359\/revisions"}],"predecessor-version":[{"id":9360,"href":"https:\/\/www.galerieloft.com\/en\/wp-json\/wp\/v2\/posts\/9359\/revisions\/9360"}],"wp:featuredmedia":[{"embeddable":true,"href":"https:\/\/www.galerieloft.com\/en\/wp-json\/wp\/v2\/media\/9349"}],"wp:attachment":[{"href":"https:\/\/www.galerieloft.com\/en\/wp-json\/wp\/v2\/media?parent=9359"}],"wp:term":[{"taxonomy":"category","embeddable":true,"href":"https:\/\/www.galerieloft.com\/en\/wp-json\/wp\/v2\/categories?post=9359"},{"taxonomy":"post_tag","embeddable":true,"href":"https:\/\/www.galerieloft.com\/en\/wp-json\/wp\/v2\/tags?post=9359"}],"curies":[{"name":"wp","href":"https:\/\/api.w.org\/{rel}","templated":true}]}}