{"id":15010,"date":"2024-05-14T13:09:41","date_gmt":"2024-05-14T13:09:41","guid":{"rendered":"https:\/\/www.galerieloft.com\/presse\/lien-hoang-xuan-kevin-ademola-sangosanya\/"},"modified":"2024-05-14T13:12:27","modified_gmt":"2024-05-14T13:12:27","slug":"lien-hoang-xuan-kevin-ademola-sangosanya","status":"publish","type":"press","link":"https:\/\/www.galerieloft.com\/en\/press\/lien-hoang-xuan-kevin-ademola-sangosanya\/","title":{"rendered":"Dossier de presse \u2022 LI\u00caN HO\u00c0NG-XU\u00c2N &#038; K\u00c9VIN-ADEMOLA SANGOSANYA"},"content":{"rendered":"<p>Le titre de l\u2019exposition de Li\u00ean Ho\u00e0ng Xu\u00e2n et K\u00e9vin-Ademola Sangosanya, comme une enseigne de cabaret, titille le tout-venant pour faire profiter \u00e0 qui osera rentrer d\u2019une \u00ab\u00a0derni\u00e8re mise \u00e0 nu avant l\u2019\u00e9t\u00e9\u00a0\u00bb.<br \/>\nEntre le burlesque et le tragique, l\u2019\u00e9rotisme que l\u2019on trouvera entre ces murs s\u2019inscrit pourtant \u00e0 contre-courant de tout ce que l\u2019on aurait bien voulu imaginer.<\/p>\n<p><em>Extrait de texte \u00e9crit par Horya Makhlouf<\/em><\/p>\n","protected":false},"excerpt":{"rendered":"<p>Le titre de l\u2019exposition de Li\u00ean Ho\u00e0ng Xu\u00e2n et K\u00e9vin-Ademola Sangosanya, comme une enseigne de cabaret, titille le tout-venant pour faire profiter \u00e0 qui osera rentrer d\u2019une \u00ab derni\u00e8re mise \u00e0 nu avant l\u2019\u00e9t\u00e9 \u00bb. Entre le burlesque et le tragique, l\u2019\u00e9rotisme que l\u2019on trouvera entre ces murs s\u2019inscrit pourtant \u00e0 contre-courant de tout ce que l\u2019on aurait bien voulu imaginer.<\/p>\n","protected":false},"featured_media":14992,"template":"","class_list":["post-15010","press","type-press","status-publish","has-post-thumbnail","hentry","press_cat-presse-release-en"],"_links":{"self":[{"href":"https:\/\/www.galerieloft.com\/en\/wp-json\/wp\/v2\/press\/15010","targetHints":{"allow":["GET"]}}],"collection":[{"href":"https:\/\/www.galerieloft.com\/en\/wp-json\/wp\/v2\/press"}],"about":[{"href":"https:\/\/www.galerieloft.com\/en\/wp-json\/wp\/v2\/types\/press"}],"wp:featuredmedia":[{"embeddable":true,"href":"https:\/\/www.galerieloft.com\/en\/wp-json\/wp\/v2\/media\/14992"}],"wp:attachment":[{"href":"https:\/\/www.galerieloft.com\/en\/wp-json\/wp\/v2\/media?parent=15010"}],"curies":[{"name":"wp","href":"https:\/\/api.w.org\/{rel}","templated":true}]}}