{"id":7753,"date":"2019-04-11T15:12:52","date_gmt":"2019-04-11T15:12:52","guid":{"rendered":"https:\/\/www.galerieloft.com\/press\/dossier-de-presse-marino-di-teana-11-3-2\/"},"modified":"2019-04-11T15:18:00","modified_gmt":"2019-04-11T15:18:00","slug":"dossier-de-presse-marino-di-teana-11-3","status":"publish","type":"press","link":"https:\/\/www.galerieloft.com\/en\/press\/dossier-de-presse-marino-di-teana-11-3\/","title":{"rendered":"Dossier de Presse &#8211; Marino Di Teana &#8211; 1+1= 3"},"content":{"rendered":"<p>Exposition du 4 avril au 1er juin 2019<\/p>\n<p>Lancement officiel du Catalogue raisonn\u00e9 de Francesco Marino Di Teana, cliquez <a href=\"https:\/\/www.galerieloft.com\/catalogue-raisonne-de-marino-di-teana\/\">ici<\/a><\/p>\n<p><strong>\u00c9v\u00e9nements exceptionnels\u00a0<\/strong><\/p>\n<p>\u2013 Librairie ARTCURIAL :\u00a0Signature du Catalogue Raisonn\u00e9, le mercredi 10 avril 2019, 18h30 \u2013 20h<\/p>\n<p>\u2013 Rencontre avec \u00a0Nicolas Marino le samedi 18 mai de 15h \u00e0 18h<\/p>\n<hr \/>\n<p>\u00ab Un espace qui devient sensible, entre fluidit\u00e9 et densit\u00e9, issu de la d\u00e9sint\u00e9gration des formes. Une logique tri-unitaire. Il coupe pour lib\u00e9rer \u00abl\u2019\u00e9nergie transparente\u00bb. Marino le B\u00e2tisseur. L\u2019architecte spatial \u2026 Arm\u00e9 de sa r\u00e8gle et de son compas, il invente les math\u00e9matique po\u00e9tiques. Il cr\u00e9e alors un vocabulaire de signes, une \u00e9criture discontinue de lettres monumentales. Marino le typographe d\u2019acier\u2026<\/p>\n<p>\u2014Jean-Michel Wilmotte<\/p>\n","protected":false},"excerpt":{"rendered":"<p>Exposition du 4 avril au 1er juin 2019 Lancement officiel du Catalogue raisonn\u00e9 de Francesco Marino Di Teana, cliquez ici \u00c9v\u00e9nements exceptionnels\u00a0 \u2013 Librairie ARTCURIAL :\u00a0Signature du Catalogue Raisonn\u00e9, le mercredi 10 avril 2019, 18h30 \u2013 20h \u2013 Rencontre avec \u00a0Nicolas Marino le samedi 18 mai de 15h \u00e0 18h \u00ab Un espace qui devient &hellip; <a href=\"https:\/\/www.galerieloft.com\/en\/press\/dossier-de-presse-marino-di-teana-11-3\/\">Continued<\/a><\/p>\n","protected":false},"featured_media":7729,"template":"","class_list":["post-7753","press","type-press","status-publish","has-post-thumbnail","hentry","press_cat-presse-release-en"],"_links":{"self":[{"href":"https:\/\/www.galerieloft.com\/en\/wp-json\/wp\/v2\/press\/7753","targetHints":{"allow":["GET"]}}],"collection":[{"href":"https:\/\/www.galerieloft.com\/en\/wp-json\/wp\/v2\/press"}],"about":[{"href":"https:\/\/www.galerieloft.com\/en\/wp-json\/wp\/v2\/types\/press"}],"wp:featuredmedia":[{"embeddable":true,"href":"https:\/\/www.galerieloft.com\/en\/wp-json\/wp\/v2\/media\/7729"}],"wp:attachment":[{"href":"https:\/\/www.galerieloft.com\/en\/wp-json\/wp\/v2\/media?parent=7753"}],"curies":[{"name":"wp","href":"https:\/\/api.w.org\/{rel}","templated":true}]}}