{"id":7904,"date":"2019-10-04T13:33:50","date_gmt":"2019-10-04T13:33:50","guid":{"rendered":"https:\/\/www.galerieloft.com\/press\/dossier-de-presse-yang-liming-solo-show-2\/"},"modified":"2020-03-06T15:52:40","modified_gmt":"2020-03-06T15:52:40","slug":"dossier-de-presse-yang-liming-solo-show","status":"publish","type":"press","link":"https:\/\/www.galerieloft.com\/en\/press\/dossier-de-presse-yang-liming-solo-show\/","title":{"rendered":"Dossier de Presse &#8211; Yang Liming Solo Show"},"content":{"rendered":"<p>&nbsp;<\/p>\n<p><em>\u00abPaisiblement, concentrons-nous pour examiner les sc\u00e8nes du pass\u00e9 qui \u00e9manent de nos c\u0153urs comme dans un r\u00eave.<\/em><\/p>\n<p><em>D\u00e8s l\u2019instant o\u00f9 nous contemplons notre pr\u00e9sent, celui-ci se transforme en pass\u00e9; si nous examinons nos succ\u00e8s et nos \u00e9checs, nos joies et nos peines, nos r\u00e9ussites ou nos pertes, ou m\u00eame la vieillesse et la maladie, tout n\u2019est qu\u2019illusion, comme une fleur dans un miroir ou le reflet de la lune dans l\u2019eau. Cette introspection est comme une ombre, \u00e0 la fois invisible et omnipr\u00e9sente.<br \/>\nMa peinture est la pratique de ce regard, un souffle, un trait, une touche, un \u00e9veil&#8230;\u00bb<\/em><\/p>\n<p>&nbsp;<\/p>\n<p><em>Yang Liming<\/em><\/p>\n","protected":false},"excerpt":{"rendered":"<p>&nbsp; \u00abPaisiblement, concentrons-nous pour examiner les sc\u00e8nes du pass\u00e9 qui \u00e9manent de nos c\u0153urs comme dans un r\u00eave. D\u00e8s l\u2019instant o\u00f9 nous contemplons notre pr\u00e9sent, celui-ci se transforme en pass\u00e9; si nous examinons nos succ\u00e8s et nos \u00e9checs, nos joies et nos peines, nos r\u00e9ussites ou nos pertes, ou m\u00eame la vieillesse et la maladie, &hellip; <a href=\"https:\/\/www.galerieloft.com\/en\/press\/dossier-de-presse-yang-liming-solo-show\/\">Continued<\/a><\/p>\n","protected":false},"featured_media":7868,"template":"","class_list":["post-7904","press","type-press","status-publish","has-post-thumbnail","hentry","press_cat-presse-release-en"],"_links":{"self":[{"href":"https:\/\/www.galerieloft.com\/en\/wp-json\/wp\/v2\/press\/7904","targetHints":{"allow":["GET"]}}],"collection":[{"href":"https:\/\/www.galerieloft.com\/en\/wp-json\/wp\/v2\/press"}],"about":[{"href":"https:\/\/www.galerieloft.com\/en\/wp-json\/wp\/v2\/types\/press"}],"wp:featuredmedia":[{"embeddable":true,"href":"https:\/\/www.galerieloft.com\/en\/wp-json\/wp\/v2\/media\/7868"}],"wp:attachment":[{"href":"https:\/\/www.galerieloft.com\/en\/wp-json\/wp\/v2\/media?parent=7904"}],"curies":[{"name":"wp","href":"https:\/\/api.w.org\/{rel}","templated":true}]}}